{"id":7961,"date":"2022-07-27T06:37:53","date_gmt":"2022-07-27T06:37:53","guid":{"rendered":"https:\/\/purple-vest.net\/success-stories\/sauvetage-de-2-jeunes-atteints-du-syndrome-de-down-a-laviv\/"},"modified":"2023-01-11T08:54:06","modified_gmt":"2023-01-11T08:54:06","slug":"sauvetage-de-2-jeunes-atteints-du-syndrome-de-down-a-laviv","status":"publish","type":"success-stories","link":"https:\/\/purple-vest.net\/fr\/success-stories\/sauvetage-de-2-jeunes-atteints-du-syndrome-de-down-a-laviv\/","title":{"rendered":"Sauvetage de 2 jeunes atteints du syndrome de Down \u00e0 Laviv"},"content":{"rendered":"\n<p>Nous avons aid\u00e9 deux jeunes atteints du syndrome de Down \u00e0 quitter Lviv pour Varsovie en voiture et leur avons trouv\u00e9 un logement. Ils sont partis avec leurs parents et continuent maintenant \u00e0 vivre une vie normale et paisible.<\/p>\n","protected":false},"template":"","class_list":["post-7961","success-stories","type-success-stories","status-publish","hentry"],"yoast_head":"<!-- This site is optimized with the Yoast SEO plugin v25.8 - https:\/\/yoast.com\/wordpress\/plugins\/seo\/ -->\n<title>Sauvetage de 2 jeunes atteints du syndrome de Down \u00e0 Laviv | Purple Vest Mission<\/title>\n<meta name=\"robots\" content=\"index, follow, max-snippet:-1, max-image-preview:large, max-video-preview:-1\" \/>\n<link rel=\"canonical\" href=\"https:\/\/purple-vest.net\/fr\/success-stories\/sauvetage-de-2-jeunes-atteints-du-syndrome-de-down-a-laviv\/\" \/>\n<meta property=\"og:locale\" content=\"fr_FR\" \/>\n<meta property=\"og:type\" content=\"article\" \/>\n<meta property=\"og:title\" content=\"Sauvetage de 2 jeunes atteints du syndrome de Down \u00e0 Laviv | Purple Vest Mission\" \/>\n<meta property=\"og:description\" content=\"Nous avons aid\u00e9 deux jeunes atteints du syndrome de Down \u00e0 quitter Lviv pour Varsovie en voiture et leur avons trouv\u00e9 un logement. Ils sont partis avec leurs parents et continuent maintenant \u00e0 vivre une vie normale et paisible.\" \/>\n<meta property=\"og:url\" content=\"https:\/\/purple-vest.net\/fr\/success-stories\/sauvetage-de-2-jeunes-atteints-du-syndrome-de-down-a-laviv\/\" \/>\n<meta property=\"og:site_name\" content=\"Purple Vest Mission\" \/>\n<meta property=\"article:publisher\" content=\"https:\/\/www.facebook.com\/Negishut.Israel\" \/>\n<meta property=\"article:modified_time\" content=\"2023-01-11T08:54:06+00:00\" \/>\n<meta property=\"og:image\" content=\"https:\/\/purple-vest.net\/wp-content\/uploads\/2022\/05\/b.jpg\" \/>\n\t<meta property=\"og:image:width\" content=\"876\" \/>\n\t<meta property=\"og:image:height\" content=\"682\" \/>\n\t<meta property=\"og:image:type\" content=\"image\/jpeg\" \/>\n<meta name=\"twitter:card\" content=\"summary_large_image\" \/>\n<meta name=\"twitter:site\" content=\"@AccessIL\" \/>\n<meta name=\"twitter:label1\" content=\"Dur\u00e9e de lecture estim\u00e9e\" \/>\n\t<meta name=\"twitter:data1\" content=\"1 minute\" \/>\n<script type=\"application\/ld+json\" class=\"yoast-schema-graph\">{\"@context\":\"https:\/\/schema.org\",\"@graph\":[{\"@type\":\"WebPage\",\"@id\":\"https:\/\/purple-vest.net\/fr\/success-stories\/sauvetage-de-2-jeunes-atteints-du-syndrome-de-down-a-laviv\/\",\"url\":\"https:\/\/purple-vest.net\/fr\/success-stories\/sauvetage-de-2-jeunes-atteints-du-syndrome-de-down-a-laviv\/\",\"name\":\"Sauvetage de 2 jeunes atteints du syndrome de Down \u00e0 Laviv | Purple Vest Mission\",\"isPartOf\":{\"@id\":\"https:\/\/purple-vest.net\/#website\"},\"datePublished\":\"2022-07-27T06:37:53+00:00\",\"dateModified\":\"2023-01-11T08:54:06+00:00\",\"breadcrumb\":{\"@id\":\"https:\/\/purple-vest.net\/fr\/success-stories\/sauvetage-de-2-jeunes-atteints-du-syndrome-de-down-a-laviv\/#breadcrumb\"},\"inLanguage\":\"fr-FR\",\"potentialAction\":[{\"@type\":\"ReadAction\",\"target\":[\"https:\/\/purple-vest.net\/fr\/success-stories\/sauvetage-de-2-jeunes-atteints-du-syndrome-de-down-a-laviv\/\"]}]},{\"@type\":\"BreadcrumbList\",\"@id\":\"https:\/\/purple-vest.net\/fr\/success-stories\/sauvetage-de-2-jeunes-atteints-du-syndrome-de-down-a-laviv\/#breadcrumb\",\"itemListElement\":[{\"@type\":\"ListItem\",\"position\":1,\"name\":\"Home\",\"item\":\"https:\/\/purple-vest.net\/he\/\"},{\"@type\":\"ListItem\",\"position\":2,\"name\":\"Success Stories\",\"item\":\"https:\/\/purple-vest.net\/success-stories\/\"},{\"@type\":\"ListItem\",\"position\":3,\"name\":\"Sauvetage de 2 jeunes atteints du syndrome de Down \u00e0 Laviv\"}]},{\"@type\":\"WebSite\",\"@id\":\"https:\/\/purple-vest.net\/#website\",\"url\":\"https:\/\/purple-vest.net\/\",\"name\":\"Purple Vest Mission\",\"description\":\"Purple Vest Mission - Leave no one behind | By Access Israel | Supported by The Nippon Foundation\",\"publisher\":{\"@id\":\"https:\/\/purple-vest.net\/#organization\"},\"potentialAction\":[{\"@type\":\"SearchAction\",\"target\":{\"@type\":\"EntryPoint\",\"urlTemplate\":\"https:\/\/purple-vest.net\/?s={search_term_string}\"},\"query-input\":{\"@type\":\"PropertyValueSpecification\",\"valueRequired\":true,\"valueName\":\"search_term_string\"}}],\"inLanguage\":\"fr-FR\"},{\"@type\":\"Organization\",\"@id\":\"https:\/\/purple-vest.net\/#organization\",\"name\":\"Purple Vest Mission\",\"url\":\"https:\/\/purple-vest.net\/\",\"logo\":{\"@type\":\"ImageObject\",\"inLanguage\":\"fr-FR\",\"@id\":\"https:\/\/purple-vest.net\/#\/schema\/logo\/image\/\",\"url\":\"https:\/\/purple-vest.net\/wp-content\/uploads\/2022\/05\/Purple-Vest-Logo-finalxx.svg\",\"contentUrl\":\"https:\/\/purple-vest.net\/wp-content\/uploads\/2022\/05\/Purple-Vest-Logo-finalxx.svg\",\"width\":841,\"height\":216,\"caption\":\"Purple Vest Mission\"},\"image\":{\"@id\":\"https:\/\/purple-vest.net\/#\/schema\/logo\/image\/\"},\"sameAs\":[\"https:\/\/www.facebook.com\/Negishut.Israel\",\"https:\/\/x.com\/AccessIL\",\"https:\/\/www.instagram.com\/negishut_israel\/\",\"https:\/\/www.youtube.com\/user\/AisraelORG#pu\"]}]}<\/script>\n<!-- \/ Yoast SEO plugin. -->","yoast_head_json":{"title":"Sauvetage de 2 jeunes atteints du syndrome de Down \u00e0 Laviv | Purple Vest Mission","robots":{"index":"index","follow":"follow","max-snippet":"max-snippet:-1","max-image-preview":"max-image-preview:large","max-video-preview":"max-video-preview:-1"},"canonical":"https:\/\/purple-vest.net\/fr\/success-stories\/sauvetage-de-2-jeunes-atteints-du-syndrome-de-down-a-laviv\/","og_locale":"fr_FR","og_type":"article","og_title":"Sauvetage de 2 jeunes atteints du syndrome de Down \u00e0 Laviv | Purple Vest Mission","og_description":"Nous avons aid\u00e9 deux jeunes atteints du syndrome de Down \u00e0 quitter Lviv pour Varsovie en voiture et leur avons trouv\u00e9 un logement. Ils sont partis avec leurs parents et continuent maintenant \u00e0 vivre une vie normale et paisible.","og_url":"https:\/\/purple-vest.net\/fr\/success-stories\/sauvetage-de-2-jeunes-atteints-du-syndrome-de-down-a-laviv\/","og_site_name":"Purple Vest Mission","article_publisher":"https:\/\/www.facebook.com\/Negishut.Israel","article_modified_time":"2023-01-11T08:54:06+00:00","og_image":[{"width":876,"height":682,"url":"https:\/\/purple-vest.net\/wp-content\/uploads\/2022\/05\/b.jpg","type":"image\/jpeg"}],"twitter_card":"summary_large_image","twitter_site":"@AccessIL","twitter_misc":{"Dur\u00e9e de lecture estim\u00e9e":"1 minute"},"schema":{"@context":"https:\/\/schema.org","@graph":[{"@type":"WebPage","@id":"https:\/\/purple-vest.net\/fr\/success-stories\/sauvetage-de-2-jeunes-atteints-du-syndrome-de-down-a-laviv\/","url":"https:\/\/purple-vest.net\/fr\/success-stories\/sauvetage-de-2-jeunes-atteints-du-syndrome-de-down-a-laviv\/","name":"Sauvetage de 2 jeunes atteints du syndrome de Down \u00e0 Laviv | Purple Vest Mission","isPartOf":{"@id":"https:\/\/purple-vest.net\/#website"},"datePublished":"2022-07-27T06:37:53+00:00","dateModified":"2023-01-11T08:54:06+00:00","breadcrumb":{"@id":"https:\/\/purple-vest.net\/fr\/success-stories\/sauvetage-de-2-jeunes-atteints-du-syndrome-de-down-a-laviv\/#breadcrumb"},"inLanguage":"fr-FR","potentialAction":[{"@type":"ReadAction","target":["https:\/\/purple-vest.net\/fr\/success-stories\/sauvetage-de-2-jeunes-atteints-du-syndrome-de-down-a-laviv\/"]}]},{"@type":"BreadcrumbList","@id":"https:\/\/purple-vest.net\/fr\/success-stories\/sauvetage-de-2-jeunes-atteints-du-syndrome-de-down-a-laviv\/#breadcrumb","itemListElement":[{"@type":"ListItem","position":1,"name":"Home","item":"https:\/\/purple-vest.net\/he\/"},{"@type":"ListItem","position":2,"name":"Success Stories","item":"https:\/\/purple-vest.net\/success-stories\/"},{"@type":"ListItem","position":3,"name":"Sauvetage de 2 jeunes atteints du syndrome de Down \u00e0 Laviv"}]},{"@type":"WebSite","@id":"https:\/\/purple-vest.net\/#website","url":"https:\/\/purple-vest.net\/","name":"Purple Vest Mission","description":"Purple Vest Mission - Leave no one behind | By Access Israel | Supported by The Nippon Foundation","publisher":{"@id":"https:\/\/purple-vest.net\/#organization"},"potentialAction":[{"@type":"SearchAction","target":{"@type":"EntryPoint","urlTemplate":"https:\/\/purple-vest.net\/?s={search_term_string}"},"query-input":{"@type":"PropertyValueSpecification","valueRequired":true,"valueName":"search_term_string"}}],"inLanguage":"fr-FR"},{"@type":"Organization","@id":"https:\/\/purple-vest.net\/#organization","name":"Purple Vest Mission","url":"https:\/\/purple-vest.net\/","logo":{"@type":"ImageObject","inLanguage":"fr-FR","@id":"https:\/\/purple-vest.net\/#\/schema\/logo\/image\/","url":"https:\/\/purple-vest.net\/wp-content\/uploads\/2022\/05\/Purple-Vest-Logo-finalxx.svg","contentUrl":"https:\/\/purple-vest.net\/wp-content\/uploads\/2022\/05\/Purple-Vest-Logo-finalxx.svg","width":841,"height":216,"caption":"Purple Vest Mission"},"image":{"@id":"https:\/\/purple-vest.net\/#\/schema\/logo\/image\/"},"sameAs":["https:\/\/www.facebook.com\/Negishut.Israel","https:\/\/x.com\/AccessIL","https:\/\/www.instagram.com\/negishut_israel\/","https:\/\/www.youtube.com\/user\/AisraelORG#pu"]}]}},"_links":{"self":[{"href":"https:\/\/purple-vest.net\/fr\/wp-json\/wp\/v2\/success-stories\/7961","targetHints":{"allow":["GET"]}}],"collection":[{"href":"https:\/\/purple-vest.net\/fr\/wp-json\/wp\/v2\/success-stories"}],"about":[{"href":"https:\/\/purple-vest.net\/fr\/wp-json\/wp\/v2\/types\/success-stories"}],"wp:attachment":[{"href":"https:\/\/purple-vest.net\/fr\/wp-json\/wp\/v2\/media?parent=7961"}],"curies":[{"name":"wp","href":"https:\/\/api.w.org\/{rel}","templated":true}]}}